{"id":523,"date":"2026-04-19T14:09:47","date_gmt":"2026-04-19T12:09:47","guid":{"rendered":"http:\/\/masiavuvu.fr\/?p=523"},"modified":"2026-04-19T14:21:02","modified_gmt":"2026-04-19T12:21:02","slug":"culte-dintercession-du-26-01-2026","status":"publish","type":"post","link":"http:\/\/masiavuvu.fr\/index.php\/2026\/04\/19\/culte-dintercession-du-26-01-2026\/","title":{"rendered":"Culte d\u2019intercession du 26.01.2026"},"content":{"rendered":"\t\t<div data-elementor-type=\"wp-post\" data-elementor-id=\"523\" class=\"elementor elementor-523\">\n\t\t\t\t<div class=\"aux-parallax-section elementor-element elementor-element-565b3a62 e-flex e-con-boxed e-con e-parent\" data-id=\"565b3a62\" data-element_type=\"container\" data-e-type=\"container\">\n\t\t\t\t\t<div class=\"e-con-inner\">\n\t\t\t\t<div class=\"elementor-element elementor-element-1eb49bc5 elementor-widget elementor-widget-text-editor\" data-id=\"1eb49bc5\" data-element_type=\"widget\" data-e-type=\"widget\" data-widget_type=\"text-editor.default\">\n\t\t\t\t<div class=\"elementor-widget-container\">\n\t\t\t\t\t\t\t\t\t\n<p>Th\u00e8me : La pri\u00e8re de la foi<\/p>\n\n\n\n<p>Orateur : Fr. Dieumerci TSHIPAULA<\/p>\n\n\n\n<p>R\u00e9f\u00e9rence biblique : Jacques 5:13-15<\/p>\n\n\n\n<p>La pri\u00e8re de la foi n\u2019est ni un simple bruit ni une r\u00e9p\u00e9tition m\u00e9canique, mais l\u2019expression profonde de notre confiance en Dieu.<\/p>\n\n\n\n<p>Quelques v\u00e9rit\u00e9s :<\/p>\n\n\n\n<p>1. Une pri\u00e8re sans foi peut \u00eatre entendue par Dieu, mais elle ne produit pas d\u2019exaucement.<\/p>\n\n\n\n<p>Jacques 1:5-7.  Ce n\u2019est pas le volume de la pri\u00e8re qui touche Dieu, mais la profondeur de la foi qui l\u2019accompagne.<\/p>\n\n\n\n<p>2. La foi donne des ailes \u00e0 la pri\u00e8re.<\/p>\n\n\n\n<p>H\u00e9breux 11:6 ; Marc 11:24.<\/p>\n\n\n\n<p>3. La foi donne le pouvoir d\u2019obtenir ce que l\u2019on demande.<\/p>\n\n\n\n<p>4. La foi v\u00e9ritable ne s\u2019arr\u00eate jamais : elle porte la pri\u00e8re jusqu\u2019au bout.<\/p>\n\n\n\n<p>Matthieu 15:21-28.<\/p>\n\n\n\n<p>Lorsque la foi est pr\u00e9sente, l\u2019abandon devient impossible et la pers\u00e9v\u00e9rance devient naturelle.<\/p>\n\n\n\n<p>5. La pri\u00e8re de la foi nous qualifie pour la dimension suivante.<\/p>\n\n\n\n<p><\/p>\n\t\t\t\t\t\t\t\t<\/div>\n\t\t\t\t<\/div>\n\t\t\t\t\t<\/div>\n\t\t\t\t<\/div>\n\t\t<div class=\"aux-parallax-section elementor-element elementor-element-b352864 e-flex e-con-boxed e-con e-parent\" data-id=\"b352864\" data-element_type=\"container\" data-e-type=\"container\">\n\t\t\t\t\t<div class=\"e-con-inner\">\n\t\t\t\t<div class=\"elementor-element elementor-element-978528b elementor-arrows-position-inside elementor-pagination-position-outside elementor-widget elementor-widget-image-carousel\" data-id=\"978528b\" data-element_type=\"widget\" data-e-type=\"widget\" data-settings=\"{&quot;navigation&quot;:&quot;both&quot;,&quot;autoplay&quot;:&quot;yes&quot;,&quot;pause_on_hover&quot;:&quot;yes&quot;,&quot;pause_on_interaction&quot;:&quot;yes&quot;,&quot;autoplay_speed&quot;:5000,&quot;infinite&quot;:&quot;yes&quot;,&quot;speed&quot;:500}\" data-widget_type=\"image-carousel.default\">\n\t\t\t\t<div class=\"elementor-widget-container\">\n\t\t\t\t\t\t\t<div class=\"elementor-image-carousel-wrapper swiper\" role=\"region\" aria-roledescription=\"carousel\" aria-label=\"Carrousel d\u2019images\" dir=\"ltr\">\n\t\t\t<div class=\"elementor-image-carousel swiper-wrapper\" aria-live=\"off\">\n\t\t\t\t\t\t\t\t<div class=\"swiper-slide\" role=\"group\" aria-roledescription=\"slide\" aria-label=\"1 sur 3\"><figure class=\"swiper-slide-inner\"><img decoding=\"async\" class=\"swiper-slide-image\" src=\"http:\/\/masiavuvu.fr\/wp-content\/uploads\/2026\/04\/656885004_931698762947912_2377663156582267970_n-150x150.jpg\" alt=\"656885004_931698762947912_2377663156582267970_n\" \/><\/figure><\/div><div class=\"swiper-slide\" role=\"group\" aria-roledescription=\"slide\" aria-label=\"2 sur 3\"><figure class=\"swiper-slide-inner\"><img decoding=\"async\" class=\"swiper-slide-image\" src=\"http:\/\/masiavuvu.fr\/wp-content\/uploads\/2026\/04\/657267790_931698599614595_9073697263332156685_n-150x150.jpg\" alt=\"657267790_931698599614595_9073697263332156685_n\" \/><\/figure><\/div><div class=\"swiper-slide\" role=\"group\" aria-roledescription=\"slide\" aria-label=\"3 sur 3\"><figure class=\"swiper-slide-inner\"><img decoding=\"async\" class=\"swiper-slide-image\" src=\"http:\/\/masiavuvu.fr\/wp-content\/uploads\/2026\/04\/657353085_931698572947931_8124240141997561473_n-150x150.jpg\" alt=\"657353085_931698572947931_8124240141997561473_n\" \/><\/figure><\/div>\t\t\t<\/div>\n\t\t\t\t\t\t\t\t\t\t\t\t<div class=\"elementor-swiper-button elementor-swiper-button-prev\" role=\"button\" tabindex=\"0\">\n\t\t\t\t\t\t<i aria-hidden=\"true\" class=\"eicon-chevron-left\"><\/i>\t\t\t\t\t<\/div>\n\t\t\t\t\t<div class=\"elementor-swiper-button elementor-swiper-button-next\" role=\"button\" tabindex=\"0\">\n\t\t\t\t\t\t<i aria-hidden=\"true\" class=\"eicon-chevron-right\"><\/i>\t\t\t\t\t<\/div>\n\t\t\t\t\n\t\t\t\t\t\t\t\t\t<div class=\"swiper-pagination\"><\/div>\n\t\t\t\t\t\t\t\t\t<\/div>\n\t\t\t\t\t\t<\/div>\n\t\t\t\t<\/div>\n\t\t\t\t<div class=\"elementor-element elementor-element-7caf6fb elementor-widget elementor-widget-video\" data-id=\"7caf6fb\" data-element_type=\"widget\" data-e-type=\"widget\" data-settings=\"{&quot;youtube_url&quot;:&quot;https:\\\/\\\/www.youtube.com\\\/watch?v=a1uhE_DPYRI&amp;list=RDa1uhE_DPYRI&amp;start_radio=1&quot;,&quot;video_type&quot;:&quot;youtube&quot;,&quot;controls&quot;:&quot;yes&quot;}\" data-widget_type=\"video.default\">\n\t\t\t\t<div class=\"elementor-widget-container\">\n\t\t\t\t\t\t\t<div class=\"elementor-wrapper elementor-open-inline\">\n\t\t\t<div class=\"elementor-video\"><\/div>\t\t<\/div>\n\t\t\t\t\t\t<\/div>\n\t\t\t\t<\/div>\n\t\t\t\t\t<\/div>\n\t\t\t\t<\/div>\n\t\t\t\t<\/div>\n\t\t","protected":false},"excerpt":{"rendered":"<p>Th\u00e8me : La pri\u00e8re de la foi Orateur : Fr. Dieumerci TSHIPAULA R\u00e9f\u00e9rence biblique : Jacques 5:13-15 La pri\u00e8re de la foi n\u2019est ni un simple bruit ni une r\u00e9p\u00e9tition m\u00e9canique, mais l\u2019expression profonde de notre confiance en Dieu. Quelques v\u00e9rit\u00e9s : 1. Une pri\u00e8re sans foi peut \u00eatre entendue par Dieu, mais elle ne [&hellip;]<\/p>\n","protected":false},"author":2,"featured_media":0,"comment_status":"open","ping_status":"open","sticky":false,"template":"","format":"standard","meta":{"footnotes":""},"categories":[1],"tags":[],"class_list":["post-523","post","type-post","status-publish","format-standard","hentry","category-non-classe"],"_links":{"self":[{"href":"http:\/\/masiavuvu.fr\/index.php\/wp-json\/wp\/v2\/posts\/523","targetHints":{"allow":["GET"]}}],"collection":[{"href":"http:\/\/masiavuvu.fr\/index.php\/wp-json\/wp\/v2\/posts"}],"about":[{"href":"http:\/\/masiavuvu.fr\/index.php\/wp-json\/wp\/v2\/types\/post"}],"author":[{"embeddable":true,"href":"http:\/\/masiavuvu.fr\/index.php\/wp-json\/wp\/v2\/users\/2"}],"replies":[{"embeddable":true,"href":"http:\/\/masiavuvu.fr\/index.php\/wp-json\/wp\/v2\/comments?post=523"}],"version-history":[{"count":7,"href":"http:\/\/masiavuvu.fr\/index.php\/wp-json\/wp\/v2\/posts\/523\/revisions"}],"predecessor-version":[{"id":565,"href":"http:\/\/masiavuvu.fr\/index.php\/wp-json\/wp\/v2\/posts\/523\/revisions\/565"}],"wp:attachment":[{"href":"http:\/\/masiavuvu.fr\/index.php\/wp-json\/wp\/v2\/media?parent=523"}],"wp:term":[{"taxonomy":"category","embeddable":true,"href":"http:\/\/masiavuvu.fr\/index.php\/wp-json\/wp\/v2\/categories?post=523"},{"taxonomy":"post_tag","embeddable":true,"href":"http:\/\/masiavuvu.fr\/index.php\/wp-json\/wp\/v2\/tags?post=523"}],"curies":[{"name":"wp","href":"https:\/\/api.w.org\/{rel}","templated":true}]}}