{"id":376,"date":"2026-04-12T13:48:37","date_gmt":"2026-04-12T11:48:37","guid":{"rendered":"http:\/\/masiavuvu.fr\/?p=376"},"modified":"2026-04-12T14:10:48","modified_gmt":"2026-04-12T12:10:48","slug":"semaine-de-priere-jour-1-mercredi-01-04-2026-theme-ces-ossements-desseches-pourront-ils-revivre","status":"publish","type":"post","link":"http:\/\/masiavuvu.fr\/index.php\/2026\/04\/12\/semaine-de-priere-jour-1-mercredi-01-04-2026-theme-ces-ossements-desseches-pourront-ils-revivre\/","title":{"rendered":"Semaine de Pri\u00e8re Jour 1 \/ Mercredi 01.04.2026 &#8211; Th\u00e8me : Ces ossements dess\u00e9ch\u00e9s pourront-ils revivre ?"},"content":{"rendered":"\t\t<div data-elementor-type=\"wp-post\" data-elementor-id=\"376\" class=\"elementor elementor-376\">\n\t\t\t\t<div class=\"aux-parallax-section elementor-element elementor-element-44e954f5 e-flex e-con-boxed e-con e-parent\" data-id=\"44e954f5\" data-element_type=\"container\" data-e-type=\"container\">\n\t\t\t\t\t<div class=\"e-con-inner\">\n\t\t\t\t<div class=\"elementor-element elementor-element-63065841 elementor-widget elementor-widget-text-editor\" data-id=\"63065841\" data-element_type=\"widget\" data-e-type=\"widget\" data-widget_type=\"text-editor.default\">\n\t\t\t\t<div class=\"elementor-widget-container\">\n\t\t\t\t\t\t\t\t\t\n<p><\/p>\n\n\n\n<p><\/p>\n\t\t\t\t\t\t\t\t<\/div>\n\t\t\t\t<\/div>\n\t\t\t\t\t<\/div>\n\t\t\t\t<\/div>\n\t\t<div class=\"aux-parallax-section elementor-element elementor-element-05e0f73 e-flex e-con-boxed e-con e-parent\" data-id=\"05e0f73\" data-element_type=\"container\" data-e-type=\"container\">\n\t\t\t\t\t<div class=\"e-con-inner\">\n\t\t\t\t<div class=\"elementor-element elementor-element-53f799a elementor-widget elementor-widget-video\" data-id=\"53f799a\" data-element_type=\"widget\" data-e-type=\"widget\" data-settings=\"{&quot;youtube_url&quot;:&quot;https:\\\/\\\/www.youtube.com\\\/watch?v=Rn8PKtDplLI&quot;,&quot;video_type&quot;:&quot;youtube&quot;,&quot;controls&quot;:&quot;yes&quot;}\" data-widget_type=\"video.default\">\n\t\t\t\t<div class=\"elementor-widget-container\">\n\t\t\t\t\t\t\t<div class=\"elementor-wrapper elementor-open-inline\">\n\t\t\t<div class=\"elementor-video\"><\/div>\t\t<\/div>\n\t\t\t\t\t\t<\/div>\n\t\t\t\t<\/div>\n\t\t\t\t<div class=\"elementor-element elementor-element-7fb60cc elementor-widget elementor-widget-text-editor\" data-id=\"7fb60cc\" data-element_type=\"widget\" data-e-type=\"widget\" data-widget_type=\"text-editor.default\">\n\t\t\t\t<div class=\"elementor-widget-container\">\n\t\t\t\t\t\t\t\t\t<div class=\"x14z9mp xat24cr x1lziwak x1vvkbs xtlvy1s x126k92a\">\n<div dir=\"auto\">R\u00e9f\u00e9rences bibliques : Ezechiel 37:3-14 ; Esa\u00efe 42:3 ; Apocalypse 2:4-5<\/div>\n<div dir=\"auto\">\u00a0<\/div>\n<\/div>\n<div class=\"x14z9mp xat24cr x1lziwak x1vvkbs xtlvy1s x126k92a\">\n<div dir=\"auto\">Ce texte se trouve dans un contexte particulier de l\u2019histoire d\u2019isra\u00ebl.<\/div>\n<div dir=\"auto\">&#8211; Ce texte est donn\u00e9 \u00e0 un peuple en captivit\u00e9 \u00e0 Babylone, \u00e0 un peuple vide d\u2019esp\u00e9rance.<\/div>\n<div dir=\"auto\">&#8211; \u2060un peuple qui croyaient que cette situation \u00e9tait irr\u00e9versible.<\/div>\n<div dir=\"auto\">&#8211; Le but de la restauration \u00e9tait pour la reconnaissance du nom de Dieu.<\/div>\n<\/div>\n<div class=\"x14z9mp xat24cr x1lziwak x1vvkbs xtlvy1s x126k92a\">\n<div dir=\"auto\">3 choses que ces ossements nous enseignent.<\/div>\n<div dir=\"auto\">1. Ces ossements nous t\u00e9moignent quelque chose.<\/div>\n<\/div>\n<div class=\"x14z9mp xat24cr x1lziwak x1vvkbs xtlvy1s x126k92a\">\n<div dir=\"auto\">2. \u2060ces ossements accusent quelque chose.<\/div>\n<div dir=\"auto\">Ils accusent 3 choses :<\/div>\n<div dir=\"auto\">&#8211; ils accusent que quelqu\u2019un a eu \u00e0 prendre le dessus sur eux.<\/div>\n<div dir=\"auto\">&#8211; \u2060\u00e0 un moment de leur vie, il y a eu une d\u00e9faite. 2 Pierre 2:19<\/div>\n<\/div>\n<div class=\"x14z9mp xat24cr x1lziwak x1vvkbs xtlvy1s x126k92a\">\n<div dir=\"auto\">3. \u2060ces ossements annoncent quelque chose.<\/div>\n<div dir=\"auto\">&#8211; ils annoncent un Dieu qui restaure.<\/div>\n<\/div>\n<div class=\"x14z9mp xat24cr x1lziwak x1vvkbs xtlvy1s x126k92a\">\n<div dir=\"auto\">\u00a0<\/div>\n<\/div>\t\t\t\t\t\t\t\t<\/div>\n\t\t\t\t<\/div>\n\t\t\t\t\t<\/div>\n\t\t\t\t<\/div>\n\t\t\t\t<\/div>\n\t\t","protected":false},"excerpt":{"rendered":"<p>R\u00e9f\u00e9rences bibliques : Ezechiel 37:3-14 ; Esa\u00efe 42:3 ; Apocalypse 2:4-5 \u00a0 Ce texte se trouve dans un contexte particulier de l\u2019histoire d\u2019isra\u00ebl. &#8211; Ce texte est donn\u00e9 \u00e0 un peuple en captivit\u00e9 \u00e0 Babylone, \u00e0 un peuple vide d\u2019esp\u00e9rance. &#8211; \u2060un peuple qui croyaient que cette situation \u00e9tait irr\u00e9versible. &#8211; Le but de la [&hellip;]<\/p>\n","protected":false},"author":6,"featured_media":424,"comment_status":"open","ping_status":"open","sticky":false,"template":"","format":"standard","meta":{"footnotes":""},"categories":[18],"tags":[],"class_list":["post-376","post","type-post","status-publish","format-standard","has-post-thumbnail","hentry","category-culte-enseignement"],"_links":{"self":[{"href":"http:\/\/masiavuvu.fr\/index.php\/wp-json\/wp\/v2\/posts\/376","targetHints":{"allow":["GET"]}}],"collection":[{"href":"http:\/\/masiavuvu.fr\/index.php\/wp-json\/wp\/v2\/posts"}],"about":[{"href":"http:\/\/masiavuvu.fr\/index.php\/wp-json\/wp\/v2\/types\/post"}],"author":[{"embeddable":true,"href":"http:\/\/masiavuvu.fr\/index.php\/wp-json\/wp\/v2\/users\/6"}],"replies":[{"embeddable":true,"href":"http:\/\/masiavuvu.fr\/index.php\/wp-json\/wp\/v2\/comments?post=376"}],"version-history":[{"count":10,"href":"http:\/\/masiavuvu.fr\/index.php\/wp-json\/wp\/v2\/posts\/376\/revisions"}],"predecessor-version":[{"id":431,"href":"http:\/\/masiavuvu.fr\/index.php\/wp-json\/wp\/v2\/posts\/376\/revisions\/431"}],"wp:featuredmedia":[{"embeddable":true,"href":"http:\/\/masiavuvu.fr\/index.php\/wp-json\/wp\/v2\/media\/424"}],"wp:attachment":[{"href":"http:\/\/masiavuvu.fr\/index.php\/wp-json\/wp\/v2\/media?parent=376"}],"wp:term":[{"taxonomy":"category","embeddable":true,"href":"http:\/\/masiavuvu.fr\/index.php\/wp-json\/wp\/v2\/categories?post=376"},{"taxonomy":"post_tag","embeddable":true,"href":"http:\/\/masiavuvu.fr\/index.php\/wp-json\/wp\/v2\/tags?post=376"}],"curies":[{"name":"wp","href":"https:\/\/api.w.org\/{rel}","templated":true}]}}